{"id":1107,"__str__":"Projeto de Lei Ordin\u00e1ria (iniciativa do Leg) n\u00ba 20 de 2023","link_detail_backend":"/materia/1107","metadata":{},"numero":20,"ano":2023,"numero_protocolo":null,"data_apresentacao":"2023-05-30","tipo_apresentacao":"E","data_publicacao":"2023-05-30","numero_origem_externa":"30","ano_origem_externa":2023,"data_origem_externa":"2023-05-30","apelido":"","dias_prazo":null,"data_fim_prazo":null,"em_tramitacao":true,"polemica":false,"objeto":"","complementar":false,"ementa":"Disp\u00f5es sobre a redu\u00e7\u00e3o da carga hor\u00e1ria de trabalho, sem redu\u00e7\u00e3o dos vencimentos, do servidor municipal respons\u00e1vel por pessoa com necessidades especiais.","indexacao":"","observacao":"","resultado":"","texto_original":"http://sapl.ribasdoriopardo.ms.leg.br/media/sapl/public/materialegislativa/2023/1107/p.l.l_no_20.2023.pdf","data_ultima_atualizacao":"2023-06-20T13:31:05.195250-03:00","ip":"170.83.91.206","ultima_edicao":"2023-05-30T10:46:18.776293-03:00","tipo":3,"regime_tramitacao":1,"tipo_origem_externa":3,"local_origem_externa":7,"user":2,"anexadas":[],"autores":[165]}