{"id":1380,"__str__":"Projeto de Lei Ordin\u00e1ria (iniciativa do Leg) n\u00ba 9 de 2024","link_detail_backend":"/materia/1380","metadata":{},"numero":9,"ano":2024,"numero_protocolo":null,"data_apresentacao":"2024-02-27","tipo_apresentacao":"E","data_publicacao":null,"numero_origem_externa":"9","ano_origem_externa":2024,"data_origem_externa":"2024-02-27","apelido":"","dias_prazo":null,"data_fim_prazo":null,"em_tramitacao":true,"polemica":false,"objeto":"","complementar":false,"ementa":"O presente projeto de lei tem como objetivo estabelecer medidas e diretrizes para combater o racismo no ambiente escolar, dentro das escolas municipais, estaduais e privadas, promovendo a igualdade, o respeito \u00e0 diversidade e a constru\u00e7\u00e3o de uma cultura de paz. Reconhecendo a import\u00e2ncia da educa\u00e7\u00e3o na forma\u00e7\u00e3o cidad\u00e3 e na promo\u00e7\u00e3o da equidade, busca-se criar um ambiente educacional seguro, inclusivo e livre de discrimina\u00e7\u00e3o racial.","indexacao":"","observacao":"","resultado":"","texto_original":"http://sapl.ribasdoriopardo.ms.leg.br/media/sapl/public/materialegislativa/2024/1380/p.l._l_no_09.2024.pdf","data_ultima_atualizacao":"2024-03-26T13:29:40.538521-03:00","ip":"170.83.91.206","ultima_edicao":"2024-02-27T13:21:56.796708-03:00","tipo":3,"regime_tramitacao":1,"tipo_origem_externa":3,"local_origem_externa":7,"user":2,"anexadas":[],"autores":[116]}